{"id":239,"date":"2015-09-08T18:39:33","date_gmt":"2015-09-08T17:39:33","guid":{"rendered":"http:\/\/gaellesalakenos.be\/?p=239"},"modified":"2015-09-08T18:40:43","modified_gmt":"2015-09-08T17:40:43","slug":"et-si-japprenais-a-maimer","status":"publish","type":"post","link":"https:\/\/gaellesalakenos.be\/?p=239","title":{"rendered":"Et si j&rsquo;apprenais \u00e0 m&rsquo;aimer ?"},"content":{"rendered":"<div class=\"content\" style=\"color: #000000;\"><strong style=\"color: #424242;\"><strong style=\"color: #424242;\"><a href=\"http:\/\/www.psy.be\/psycho\/soi\/si-apprenais-aimer.htm\">Psy.be<\/a>\u00a0|\u00a008.09.2015<\/strong><\/strong><\/p>\n<hr \/>\n<\/div>\n<div class=\"content\" style=\"color: #000000;\"><img loading=\"lazy\" decoding=\"async\" class=\"alignright\" src=\"http:\/\/www.psy.be\/pictures\/300@280\/femmes\/borddeleau.jpg\" alt=\"\" width=\"300\" height=\"212\" border=\"0\" \/>Un constat de plus en plus fr\u00e9quent est\u00a0<b>le manque d&rsquo;amour pour soi.<\/b>\u00a0D\u00e9cid\u00e9ment, beaucoup de personnes ne s&rsquo;aiment pas r\u00e9ellement, sinc\u00e8rement, inconditionnellement. Ou si elles s&rsquo;aiment et s&rsquo;appr\u00e9cient, elles ne prennent pourtant pas soin d&rsquo;elles et se maltraitent d&rsquo;une certaine fa\u00e7on.<\/div>\n<div class=\"content\" style=\"color: #000000;\">\n<p style=\"color: #00000a;\">D\u2019o\u00f9 nous vient cette constatation ? En \u00e9coutant les gens parler d&rsquo;eux sous forme de critiques et\u00a0de jugements.<\/p>\n<p style=\"color: #00000a;\">Cette auto-d\u00e9valorisation de soi se rencontre \u00e0 plusieurs niveaux, que ce soit par rapport au\u00a0physique, au caract\u00e8re et \u00e0 la personnalit\u00e9, aux comportements sociaux, \u2026 bref tout peut y passer.<\/p>\n<p style=\"color: #00000a;\">D&rsquo;ailleurs, qui n&rsquo;a jamais dit ou entendu dire \u00ab je suis nul \u00bb ; \u00ab je n&rsquo;y arriverais jamais \u00bb (sous-entendu\u00ab je suis incapable \u00bb) ; \u00ab c&rsquo;est b\u00eate mais&#8230; \u00bb \u00ab je ne dis rien d&rsquo;int\u00e9ressant \u00bb (sous-entendu\u00ab personne ne peut s&rsquo;int\u00e9resser \u00e0 moi et n&rsquo;aurait envie de rester avec moi \u00bb ) ; \u2026 bref \u00ab\u00a0<strong>je suis non aimable\u00a0et non-appr\u00e9ciable \u00bb.<\/strong><\/p>\n<p style=\"color: #00000a;\">Ces personnes non-aimantes envers elles-m\u00eames se ressemblent toutes ! Il y a le peu d&rsquo;amour propre\u00a0et\/ou un regard sur soi g\u00e9n\u00e9ralement n\u00e9gatif, dur ; de l&rsquo;intransigeance envers soi-m\u00eame et\u00a0donc une absence de bienveillance et d&rsquo;indulgence ; une grande place donn\u00e9e aux \u00ab erreurs \u00bb, ce<\/p>\n<p style=\"color: #00000a;\">que je \u00ab rate \u00bb ou \u00ab fais de mal \u00bb ; la croyance que penser \u00e0 soi \u00e9quivaut \u00e0 \u00eatre \u00e9go\u00efste et\u00a0\u00e9gocentrique ; la peur du regard des autres et une place certaine donn\u00e9e aux autres, dans une\u00a0volont\u00e9 de plaire, faire plaisir, ou en tout cas \u00e9viter de d\u00e9plaire et contrarier l&rsquo;autre.<\/p>\n<p style=\"color: #00000a;\">De surcro\u00eet \u00e0 tous ces ingr\u00e9dients, les personnes victimes de ce manque d&rsquo;amour pour soi se\u00a0retrouvent souvent coinc\u00e9es dans un\u00a0<strong>cercle vicieux<\/strong>. En effet, plus je m&rsquo;auto-d\u00e9pr\u00e9cie, plus que je\u00a0me sens critiqu\u00e9, remis en question, et moins je m&rsquo;aime. Et je vais donc m&rsquo;auto-d\u00e9valoriser. Et ainsi<\/p>\n<p style=\"color: #00000a;\">de suite.<\/p>\n<p style=\"color: #00000a;\">Je vais aussi d\u00e9velopper un sens aigu de ce qui peut \u00eatre d\u00e9valorisant dans mon environnement, et\u00a0me l&rsquo;attribuer. Ainsi, \u00e0 \u00eatre habitu\u00e9 \u00e0 voir le n\u00e9gatif en soi, on peut aussi percevoir les \u00ab remarques,\u00a0les critiques et les regards des autres sur soi \u00bb que l&rsquo;on interpr\u00e9tera comme n\u00e9gatifs \u2013 alors que\u00a0telle n&rsquo;\u00e9tait vraisemblablement pas l&rsquo;intention de leur interlocuteur. Ce cercle de pens\u00e9es\u00a0n\u00e9gatives permanent ne permet pas de bien vivre avec soi. On finit souvent par ne plus se\u00a0supporter.<br \/>\nToutefois, ne n\u00e9gligeons pas le r\u00e9el impact des autres sur notre image de soi. Les remarques, les\u00a0critiques, les regards n\u00e9gatifs r\u00e9currents blessent et produisent ce qu&rsquo;on appelle un renforcement\u00a0n\u00e9gatif de son image de soi. Et c&rsquo;est extr\u00eamement destructeur.<\/p>\n<p style=\"color: #00000a;\"><strong>Quelles sont les cons\u00e9quences de ce cercle vicieux ?<\/strong><\/p>\n<p style=\"color: #00000a;\">Ne pas s&rsquo;aimer ni croire en soi peut avoir un impact sur toute notre vie personnelle, intime (de soi\u00a0\u00e0 soi, en couple, en famille), sociale et professionnelle.<\/p>\n<p style=\"color: #00000a;\">En outre, quand il est trop difficile, voire inenvisageable d&rsquo;investir en soi-m\u00eame, de \u00ab croire en\u00a0soi \u00bb, que fait-on ? On investit uniquement en l&rsquo;autre, qui devient alors notre priorit\u00e9 de bien-\u00eatre.<\/p>\n<p style=\"color: #00000a;\">Et c&rsquo;est d\u00e9sastreux. En effet, la personne \u00ab investisseuse \u00bb s&rsquo;efface de plus en plus, devient\u00a0transparente, corv\u00e9able \u00e0 merci pour l&rsquo;autre.<\/p>\n<p style=\"color: #00000a;\">Et tandis que l&rsquo;on pourrait se consoler, en se disant qu&rsquo; \u00ab au moins \u00e7a je le r\u00e9ussis \u2013 l&rsquo;autre est\u00a0content et satisfait gr\u00e2ce \u00e0 moi \u00bb, il y a trois b\u00e9mols.<\/p>\n<p>Premi\u00e8rement, que se passe-t-il quand l&rsquo;autre\u00a0re\u00e7oit, re\u00e7oit, re\u00e7oit ? Et bien, et c&rsquo;est normal, il finit par s&rsquo;y habituer. Il s&rsquo;adapte \u00e0 cette personne<\/p>\n<p style=\"color: #00000a;\">qui dit toujours \u00ab oui \u00bb, est l\u00e0, disponible pour ses propres besoins. Bref, lorsque l&rsquo;autre passe\u00a0prioritairement et syst\u00e9matiquement avant soi, on finit par ne plus exister.<\/p>\n<p>Deuxi\u00e8mement, il peut\u00a0arriver que l&rsquo;autre, habitu\u00e9 \u00e0 recevoir, se permette d&rsquo;en profiter, en demande toujours plus.<\/p>\n<p style=\"color: #00000a;\">Troisi\u00e8mement, la personne qui donne ressent un \u00e9trange malaise, ind\u00e9finissable. On se sent mal\u00a0dans sa peau, mal dans son environnement, vid\u00e9 d&rsquo;\u00e9nergie aussi. Pourtant, on pense faire tout ce\u00a0qu&rsquo;il faut : on poursuit ce but de servir l&rsquo;autre plut\u00f4t que soi.<\/p>\n<p style=\"color: #00000a;\"><strong><br \/>\nAlors pourquoi cela ne fonctionne-t-il pas ?<\/strong><\/p>\n<p style=\"color: #00000a;\">Parce qu&rsquo;on se trompe de direction.\u00a0<strong>\u00catre l\u00e0 pour l&rsquo;autre n\u00e9cessite d&rsquo;\u00eatre d&rsquo;abord l\u00e0 pour soi :<\/strong><\/p>\n<p style=\"color: #00000a;\"><strong>Prendre soin de soi pour pouvoir prendre soin de l&rsquo;autre.<\/strong><\/p>\n<p style=\"color: #00000a;\">Pas si simple \u00e0 appliquer, lorsqu&rsquo;on est conditionn\u00e9 depuis si longtemps \u00e0 avoir ce fonctionnement\u00a0toxique pour soi !<\/p>\n<p style=\"color: #00000a;\"><strong>Alors que faire ?<\/strong><\/p>\n<p style=\"color: #00000a;\">Une th\u00e9rapie peut vous aider dans cette d\u00e9marche. Un th\u00e9rapeute non-jugeant, bienveillant et\u00a0objectivement valorisant, va vous aider \u00e0 trouver ce que vous avez de bien et de beau en vous. \u00c0\u00a0aller ensemble \u00e0 la recherche de vos ressources et de vos qualit\u00e9s. Attention, ne croyez pas qu&rsquo;il<\/p>\n<p style=\"color: #00000a;\">s&rsquo;agit de faire l&rsquo;autruche et de passer sous silence ce qu&rsquo;on appelle les \u00ab d\u00e9fauts \u00bb. Tout le monde\u00a0en a. Mais il s&rsquo;agit de simplement r\u00e9tablir l&rsquo;\u00e9quilibre entre les qualit\u00e9s et les d\u00e9fauts. Et un autre\u00a0regard que le v\u00f4tre sur vous-m\u00eame peut aider, r\u00e9v\u00e9ler en vous ce qu\u2019il y a de bien et de beau.<\/p>\n<p style=\"color: #00000a;\"><strong>Un conseil pratique<\/strong><\/p>\n<p style=\"color: #00000a;\">Et si on arr\u00eatait d&rsquo;abord de mal parler de soi ?<\/p>\n<p style=\"color: #00000a;\">Commencez par changer votre langage (verbal ou interne) par rapport \u00e0 vous-m\u00eame. L&rsquo;impact des\u00a0mots que l&rsquo;on se dit, que l&rsquo;on se r\u00e9p\u00e8te sur une journ\u00e9e, des semaines, des mois, des ann\u00e9es, est\u00a0consid\u00e9rable. Il est donc temps d&rsquo;arr\u00eater ce \u00ab bourrage de cr\u00e2ne n\u00e9gatif \u00bb. Et si on arr\u00eatait d&rsquo;abord\u00a0cette violence verbale contre soi-m\u00eame ?<\/p>\n<p style=\"color: #00000a;\">Certes, sans en avoir l&rsquo;habitude, cela peut \u00eatre tr\u00e8s difficile de passer directement d&rsquo;un langage\u00a0n\u00e9gatif sur soi (\u00ab je suis nul \u00bb) \u00e0 un langage positif sur soi (\u00ab je suis quelqu&rsquo;un de bien,\u00a0d&rsquo;int\u00e9ressant \u00bb).<\/p>\n<p style=\"color: #00000a;\">Commencez donc par observer les moments o\u00f9 vous parlez mal de vous (dans votre t\u00eate ou\u00a0oralement), sans chercher \u00e0 modifier quelque chose. L&rsquo;observation pourra vous permettre de vous\u00a0mettre en alerte lorsque de tels mots \u00e9mergent, \u00e0 les rep\u00e9rer. Ex : je me rends compte que je me\u00a0suis trait\u00e9 de nul car j&rsquo;ai fait tomber mes cl\u00e9s \u00e0 terre.<\/p>\n<p style=\"color: #00000a;\">Ensuite, essayez de limiter ces mots. Corrigez-vous, m\u00eame \u00e0 haute voix. Ex : non je ne suis pas nul\u00a0pour la seule raison d&rsquo;avoir fait cela.<\/p>\n<p style=\"color: #00000a;\">La troisi\u00e8me \u00e9tape consiste \u00e0 se valoriser, \u00e0 se donner (et \u00e0 accepter des autres) des messages\u00a0positifs comme des compliments.<\/p>\n<p style=\"color: #00000a;\">En r\u00e9sum\u00e9 : l&rsquo;id\u00e9e est d&rsquo;observer le n\u00e9gatif, pour ensuite passer \u00e0 un niveau neutre, et enfin arriver<\/p>\n<p style=\"color: #00000a;\">\u00e0 se renvoyer du positif. Cela peut prendre du temps mais pers\u00e9v\u00e9rez, cela en vaut la peine (sousentendu\u00a0\u00ab j&rsquo;en vaux la peine ! \u00bb).<\/p>\n<\/div>\n<div id=\"themify_builder_content-239\" data-postid=\"239\" class=\"themify_builder_content themify_builder_content-239 themify_builder themify_builder_front\">\n\t\n\t\n<\/div>\n<!-- \/themify_builder_content -->","protected":false},"excerpt":{"rendered":"<p>Psy.be\u00a0|\u00a008.09.2015 Un constat de plus en plus fr\u00e9quent est\u00a0le manque d&rsquo;amour pour soi.\u00a0D\u00e9cid\u00e9ment, beaucoup de personnes ne s&rsquo;aiment pas r\u00e9ellement, sinc\u00e8rement, inconditionnellement. Ou si elles s&rsquo;aiment et s&rsquo;appr\u00e9cient, elles ne prennent pourtant pas soin d&rsquo;elles et se maltraitent d&rsquo;une certaine fa\u00e7on. D\u2019o\u00f9 nous vient cette constatation ? En \u00e9coutant les gens parler d&rsquo;eux sous forme(&#8230;)<\/p>\n","protected":false},"author":1,"featured_media":0,"comment_status":"closed","ping_status":"closed","sticky":false,"template":"","format":"standard","meta":{"footnotes":""},"categories":[3],"tags":[],"_links":{"self":[{"href":"https:\/\/gaellesalakenos.be\/index.php?rest_route=\/wp\/v2\/posts\/239"}],"collection":[{"href":"https:\/\/gaellesalakenos.be\/index.php?rest_route=\/wp\/v2\/posts"}],"about":[{"href":"https:\/\/gaellesalakenos.be\/index.php?rest_route=\/wp\/v2\/types\/post"}],"author":[{"embeddable":true,"href":"https:\/\/gaellesalakenos.be\/index.php?rest_route=\/wp\/v2\/users\/1"}],"replies":[{"embeddable":true,"href":"https:\/\/gaellesalakenos.be\/index.php?rest_route=%2Fwp%2Fv2%2Fcomments&post=239"}],"version-history":[{"count":2,"href":"https:\/\/gaellesalakenos.be\/index.php?rest_route=\/wp\/v2\/posts\/239\/revisions"}],"predecessor-version":[{"id":241,"href":"https:\/\/gaellesalakenos.be\/index.php?rest_route=\/wp\/v2\/posts\/239\/revisions\/241"}],"wp:attachment":[{"href":"https:\/\/gaellesalakenos.be\/index.php?rest_route=%2Fwp%2Fv2%2Fmedia&parent=239"}],"wp:term":[{"taxonomy":"category","embeddable":true,"href":"https:\/\/gaellesalakenos.be\/index.php?rest_route=%2Fwp%2Fv2%2Fcategories&post=239"},{"taxonomy":"post_tag","embeddable":true,"href":"https:\/\/gaellesalakenos.be\/index.php?rest_route=%2Fwp%2Fv2%2Ftags&post=239"}],"curies":[{"name":"wp","href":"https:\/\/api.w.org\/{rel}","templated":true}]}}