{"id":256,"date":"2016-06-24T09:17:55","date_gmt":"2016-06-24T08:17:55","guid":{"rendered":"http:\/\/gaellesalakenos.be\/?p=256"},"modified":"2019-02-11T13:06:38","modified_gmt":"2019-02-11T12:06:38","slug":"faire-regime-autrement-oui-mais-comment","status":"publish","type":"post","link":"http:\/\/gaellesalakenos.be\/?p=256","title":{"rendered":"CONFERENCE \/ Faire r\u00e9gime autrement ? Oui\u00a0! Mais comment\u00a0?"},"content":{"rendered":"<h4><img loading=\"lazy\" decoding=\"async\" class=\"alignright wp-image-258 size-medium\" src=\"http:\/\/gaellesalakenos.be\/wp-content\/uploads\/2016\/06\/1-300x166.jpg\" alt=\"1\" width=\"300\" height=\"166\" srcset=\"http:\/\/gaellesalakenos.be\/wp-content\/uploads\/2016\/06\/1-300x166.jpg 300w, http:\/\/gaellesalakenos.be\/wp-content\/uploads\/2016\/06\/1.jpg 980w\" sizes=\"(max-width: 300px) 100vw, 300px\" \/><\/h4>\n<h4><em><strong>S\u00e9ance d&rsquo;informations et conseils pratiques et concrets<\/strong><\/em><\/h4>\n<p><span style=\"color: #ff9900;\"><strong>COMPRENDRE<\/strong><\/span><\/p>\n<p><span style=\"color: #222222;\"><span style=\"font-family: arial, sans-serif;\">Le pourquoi de l&rsquo;\u00e9chec des pr\u00e9c\u00e9dents r\u00e9gimes \u2013 qui n&rsquo;est pas une question de volont\u00e9 et le comment de la stabilisation ou de la perte de poids efficace \u00e0 long terme <\/span><\/span><\/p>\n<p><span style=\"color: #222222;\"><span style=\"font-family: arial, sans-serif;\"><span style=\"color: #ff9900;\"><strong>AGIR<\/strong><\/span><br \/>\n<\/span><\/span>Conseils concrets et astuces pour vous guider dans la mise en place de nouveaux r\u00e9flexes et dans l&rsquo;acquisition d&rsquo;une nouvelle fa\u00e7on de manger, dans la recherche d&rsquo;un \u00e9quilibre alimentaire sans souffrance ni frustration et culpabilit\u00e9.<\/p>\n<p><span style=\"color: #222222;\"><span style=\"font-family: arial, sans-serif;\"><span style=\"color: #ff9900;\"><strong>En bref:<\/strong><\/span>\u00a0<\/span><\/span><\/p>\n<ul>\n<li><span style=\"color: #222222;\"><span style=\"font-family: arial, sans-serif;\">Comprendre les m\u00e9canismes sous-jacents \u00e0 la perte de poids et savoir comment y arriver efficacement et en douceur<\/span><\/span><\/li>\n<li><span style=\"color: #222222;\"><span style=\"font-family: arial, sans-serif;\">avoir un guide pratique pour agir sur mon alimentation et mon poids<\/span><\/span><\/li>\n<li><span style=\"color: #222222;\"><span style=\"font-family: arial, sans-serif;\">savoir quoi mettre en place concr\u00e8tement et acqu\u00e9rir des balises<\/span><\/span><\/li>\n<li><span style=\"color: #222222;\"><span style=\"font-family: arial, sans-serif;\">cibler en pr\u00e9cision les aspects \u00e0 \u00e9ventuellement travailler de fa\u00e7on plus sp\u00e9cifique<\/span><\/span><\/li>\n<\/ul>\n<p><span style=\"color: #222222;\"><span style=\"font-family: arial, sans-serif;\"><span style=\"color: #ff9900;\"><strong>EN PRATIQUE<\/strong><\/span><\/span><\/span><\/p>\n<p class=\"western\">2 X 2h (50\u20ac\/personne\/s\u00e9ance de 2h)<\/p>\n<p class=\"western\"><span style=\"color: #424242;\"><span style=\"font-family: 'Open Sans', sans-serif;\"><span style=\"font-size: small;\"><span style=\"font-weight: normal;\">Date, horaire et lieu sur demande \u00e0 partir de 5 participants<\/span><\/span><\/span><\/span><\/p>\n<p><em><span style=\"color: #222222;\"><span style=\"font-family: arial, sans-serif;\">N&rsquo;h\u00e9sitez pas \u00e0 me contacter pour de plus amples informations\u00a0!<\/span><\/span><\/em><\/p>\n<div id=\"themify_builder_content-256\" data-postid=\"256\" class=\"themify_builder_content themify_builder_content-256 themify_builder themify_builder_front\">\n\t\n\t\n<\/div>\n<!-- \/themify_builder_content -->","protected":false},"excerpt":{"rendered":"<p>S\u00e9ance d&rsquo;informations et conseils pratiques et concrets COMPRENDRE Le pourquoi de l&rsquo;\u00e9chec des pr\u00e9c\u00e9dents r\u00e9gimes \u2013 qui n&rsquo;est pas une question de volont\u00e9 et le comment de la stabilisation ou de la perte de poids efficace \u00e0 long terme AGIR Conseils concrets et astuces pour vous guider dans la mise en place de nouveaux r\u00e9flexes(&#8230;)<\/p>\n","protected":false},"author":1,"featured_media":258,"comment_status":"closed","ping_status":"closed","sticky":false,"template":"","format":"standard","meta":{"footnotes":""},"categories":[4],"tags":[],"_links":{"self":[{"href":"http:\/\/gaellesalakenos.be\/index.php?rest_route=\/wp\/v2\/posts\/256"}],"collection":[{"href":"http:\/\/gaellesalakenos.be\/index.php?rest_route=\/wp\/v2\/posts"}],"about":[{"href":"http:\/\/gaellesalakenos.be\/index.php?rest_route=\/wp\/v2\/types\/post"}],"author":[{"embeddable":true,"href":"http:\/\/gaellesalakenos.be\/index.php?rest_route=\/wp\/v2\/users\/1"}],"replies":[{"embeddable":true,"href":"http:\/\/gaellesalakenos.be\/index.php?rest_route=%2Fwp%2Fv2%2Fcomments&post=256"}],"version-history":[{"count":13,"href":"http:\/\/gaellesalakenos.be\/index.php?rest_route=\/wp\/v2\/posts\/256\/revisions"}],"predecessor-version":[{"id":312,"href":"http:\/\/gaellesalakenos.be\/index.php?rest_route=\/wp\/v2\/posts\/256\/revisions\/312"}],"wp:featuredmedia":[{"embeddable":true,"href":"http:\/\/gaellesalakenos.be\/index.php?rest_route=\/wp\/v2\/media\/258"}],"wp:attachment":[{"href":"http:\/\/gaellesalakenos.be\/index.php?rest_route=%2Fwp%2Fv2%2Fmedia&parent=256"}],"wp:term":[{"taxonomy":"category","embeddable":true,"href":"http:\/\/gaellesalakenos.be\/index.php?rest_route=%2Fwp%2Fv2%2Fcategories&post=256"},{"taxonomy":"post_tag","embeddable":true,"href":"http:\/\/gaellesalakenos.be\/index.php?rest_route=%2Fwp%2Fv2%2Ftags&post=256"}],"curies":[{"name":"wp","href":"https:\/\/api.w.org\/{rel}","templated":true}]}}